{"id":1457,"date":"2022-06-01T01:02:38","date_gmt":"2022-05-31T23:02:38","guid":{"rendered":"https:\/\/pe-becker.de\/pe-news\/?p=1457"},"modified":"2023-02-10T01:10:40","modified_gmt":"2023-02-10T00:10:40","slug":"reptilienumsiedlung-zur-umsetzung-einer-betriebserweiterung","status":"publish","type":"post","link":"https:\/\/pe-becker.de\/pe-news\/2022\/06\/01\/reptilienumsiedlung-zur-umsetzung-einer-betriebserweiterung\/","title":{"rendered":"Reptilienumsiedlung zur Umsetzung einer Betriebserweiterung"},"content":{"rendered":"\n<p>Die Belange des Artenschutzes m\u00fcssen bei allen Bauleitplanverfahren und baurechtlichen Genehmigungsverfahren beachtet werden. Dabei gelten die Zugriffsverbote gem\u00e4\u00df \u00a7 44 Abs. 1 BNatSchG f\u00fcr die europ\u00e4isch gesch\u00fctzten Arten. Ergibt die obligate Artenschutzpr\u00fcfung, dass gegen einen der darin genannten Verbotstatbest\u00e4nde versto\u00dfen wird, ist das Vorhaben grunds\u00e4tzlich unzul\u00e4ssig. <\/p>\n\n\n\n<p>Zur Erweiterung eines Recycling-Betriebes waren \u00c4nderungen sowohl des Fl\u00e4chennutzungs- als auch des B-Plans erforderlich. Da hiermit Eingriff e in Natur, Umwelt und Landschaft verbunden sind, war die Durchf\u00fchrung einer Artenschutzrechtlichen Pr\u00fcfung (ASP) erforderlich. Dabei wurden Vorkommen von Blindschleichen und Waldeidechsen auf dem betroffenen Grundst\u00fcck festgestellt. Obwohl es sich in beiden F\u00e4llen nicht um europ\u00e4isch gesch\u00fctzte Arten handelt, wurde aufgrund der Gr\u00f6\u00dfe des Vorkommens dieses als kritisch bewertet. Die gew\u00e4hlte Vorgehensweise kann daher auch auf europ\u00e4isch gesch\u00fctzte Arten \u00fcbertragen werden.<\/p>\n\n\n\n<p>In R\u00fccksprache mit der zust\u00e4ndigen Beh\u00f6rde wurde eine Umsiedlung der Reptilien beschlossen. Hierzu wurden im Fr\u00fchjahr 2021 Reptilienplatt en ausgebracht. Diese wurden so auf dem Grundst\u00fcck verteilt, dass die vorkommenden Lebensraumtypen (Wald und Brachfl\u00e4chen) gleicherma\u00dfen abgedeckt wurden. Im Mai und Juni wurden diese Platt en in mehreren Terminen bei geeignetem Wett er gehoben und darunter befindliche Tiere abgesammelt. Diese wurden in einem daf\u00fcr geeigneten Naturschutzgebiet mit ausreichendem Sicherheitsabstand zur Planung, aber \u00e4hnlichen Biotopstrukturen wieder in die Freiheit entlassen. Im Zuge der Fangtermine wurden sinkende und teilweise g\u00e4nzlich ausfallende Fangzahlen beobachtet, so dass davon auszugehen ist, dass der Hauptbestand der auf dem Plangebiet befindlichen Tiere abgefangen wurde. <\/p>\n\n\n\n<p>Auch wenn es sich in diesem Fall nicht um europ\u00e4isch gesch\u00fctzte Arten handelt, zeigt das Projekt, dass auch bei verfahrenskritischen Vorkommen in vielen F\u00e4llen L\u00f6sungen gefunden werden k\u00f6nnen, die eine Umsetzung der Planung erm\u00f6glichen, ohne dem Artenschutz nachhaltig zu schaden.<\/p>\n\n\n\n<p><em>Dr. Susanne Vae\u00dfen,<br>Abteilung Umweltplanung<\/em><\/p>\n\n\n\n<figure class=\"wp-block-image size-large\"><a  href=\"https:\/\/pe-becker.de\/pe-news\/wp-content\/uploads\/sites\/3\/Blindschleiche.jpg\" data-rel=\"lightbox-gallery-0\" data-rl_title=\"\" data-rl_caption=\"\" title=\"\"><img loading=\"lazy\" decoding=\"async\" width=\"1024\" height=\"573\" src=\"https:\/\/pe-becker.de\/pe-news\/wp-content\/uploads\/sites\/3\/Blindschleiche-1024x573.jpg\" alt=\"\" class=\"wp-image-1398\" srcset=\"https:\/\/pe-becker.de\/pe-news\/wp-content\/uploads\/sites\/3\/Blindschleiche-1024x573.jpg 1024w, https:\/\/pe-becker.de\/pe-news\/wp-content\/uploads\/sites\/3\/Blindschleiche-300x168.jpg 300w, https:\/\/pe-becker.de\/pe-news\/wp-content\/uploads\/sites\/3\/Blindschleiche-768x430.jpg 768w, https:\/\/pe-becker.de\/pe-news\/wp-content\/uploads\/sites\/3\/Blindschleiche-1536x860.jpg 1536w, https:\/\/pe-becker.de\/pe-news\/wp-content\/uploads\/sites\/3\/Blindschleiche.jpg 1772w\" sizes=\"auto, (max-width: 1024px) 100vw, 1024px\" \/><\/a><\/figure>\n","protected":false},"excerpt":{"rendered":"<p>Die Belange des Artenschutzes m\u00fcssen bei allen Bauleitplanverfahren und baurechtlichen Genehmigungsverfahren beachtet werden. Dabei gelten die Zugriffsverbote gem\u00e4\u00df \u00a7 44 Abs. 1 BNatSchG f\u00fcr die europ\u00e4isch gesch\u00fctzten Arten. Ergibt die obligate Artenschutzpr\u00fcfung, dass gegen einen der darin genannten Verbotstatbest\u00e4nde versto\u00dfen wird, ist das Vorhaben grunds\u00e4tzlich unzul\u00e4ssig. <\/p>\n<p>Zur Erweiterung eines Recycling-Betriebes waren \u00c4nderungen sowohl des Fl\u00e4chennutzungs- als auch des B-Plans erforderlich. Da hiermit Eingriff e in Natur, Umwelt und Landschaft verbunden sind, war die Durchf\u00fchrung &#8230; [&#8230;]<\/p>\n","protected":false},"author":2,"featured_media":1423,"comment_status":"closed","ping_status":"closed","sticky":false,"template":"","format":"standard","meta":{"_acf_changed":false,"footnotes":""},"categories":[6],"tags":[],"class_list":["post-1457","post","type-post","status-publish","format-standard","has-post-thumbnail","hentry","category-umwelt-freiraumplanung","infinite-scroll-item","no-featured-image-padding"],"acf":[],"_links":{"self":[{"href":"https:\/\/pe-becker.de\/pe-news\/wp-json\/wp\/v2\/posts\/1457","targetHints":{"allow":["GET"]}}],"collection":[{"href":"https:\/\/pe-becker.de\/pe-news\/wp-json\/wp\/v2\/posts"}],"about":[{"href":"https:\/\/pe-becker.de\/pe-news\/wp-json\/wp\/v2\/types\/post"}],"author":[{"embeddable":true,"href":"https:\/\/pe-becker.de\/pe-news\/wp-json\/wp\/v2\/users\/2"}],"replies":[{"embeddable":true,"href":"https:\/\/pe-becker.de\/pe-news\/wp-json\/wp\/v2\/comments?post=1457"}],"version-history":[{"count":1,"href":"https:\/\/pe-becker.de\/pe-news\/wp-json\/wp\/v2\/posts\/1457\/revisions"}],"predecessor-version":[{"id":1458,"href":"https:\/\/pe-becker.de\/pe-news\/wp-json\/wp\/v2\/posts\/1457\/revisions\/1458"}],"wp:featuredmedia":[{"embeddable":true,"href":"https:\/\/pe-becker.de\/pe-news\/wp-json\/wp\/v2\/media\/1423"}],"wp:attachment":[{"href":"https:\/\/pe-becker.de\/pe-news\/wp-json\/wp\/v2\/media?parent=1457"}],"wp:term":[{"taxonomy":"category","embeddable":true,"href":"https:\/\/pe-becker.de\/pe-news\/wp-json\/wp\/v2\/categories?post=1457"},{"taxonomy":"post_tag","embeddable":true,"href":"https:\/\/pe-becker.de\/pe-news\/wp-json\/wp\/v2\/tags?post=1457"}],"curies":[{"name":"wp","href":"https:\/\/api.w.org\/{rel}","templated":true}]}}