{"id":1228,"date":"2017-03-20T09:00:00","date_gmt":"2017-03-20T08:00:00","guid":{"rendered":"http:\/\/wp.pe-becker.de\/pe-news\/2017\/03\/20\/aktueller-sachstand-zum-neubau-des-eifelwindparks-ormont-stadtkyll-ewp\/"},"modified":"2022-12-05T01:34:26","modified_gmt":"2022-12-05T00:34:26","slug":"aktueller-sachstand-zum-neubau-des-eifelwindparks-ormont-stadtkyll-ewp","status":"publish","type":"post","link":"https:\/\/pe-becker.de\/pe-news\/2017\/03\/20\/aktueller-sachstand-zum-neubau-des-eifelwindparks-ormont-stadtkyll-ewp\/","title":{"rendered":"Aktueller Sachstand zum Neubau des Eifelwindparks Ormont-Stadtkyll (EWP)"},"content":{"rendered":"<p><span style=\"text-align: justify;\">Ein weiteres KEVER-Projekt steht nun dicht vor dem Abschluss und die Projektplaner und -initiatoren der KEVER PBB gehen davon aus, dass 9 von 10 Anlagen des Typs Enercon E 115 bereits Anfang April 2017 im Probebetrieb sein werden. Damit ist ein weiterer wichtiger Projektmeilenstein deutlich vor dem Bauzeitenplan erreicht.&nbsp;<\/span>\n<\/p>\n<p><p style=\"text-align:justify\"> Bei einer Besichtigung der 10 Anlagenstandorte unter F\u00fchrung des KEVER Gesch\u00e4ftsf\u00fchrers Markus Mertgens und KEVER Projektleiters Matthias Mark wurde am 17.03.2017 bei bestem Wetter dem PE und KEVER Prokuristen Rochus Mey und PE Gesch\u00e4ftsf\u00fchrer und KEVER Gesellschafter Bernd Becker der beeindruckenden Baufortschritt dieses zweiten gro\u00dfen Windparkprojektes gezeigt, der im Jahre 2011 zwischen der Energie Nordeifel (ENE) und der PE Becker (PE) gegr\u00fcndeten KEVER PBB mbH (www.kever-fairwert.de).<\/p>\n<\/p>\n<p><p style=\"text-align:justify\"> Dies ist erneut eine Baustelle der Superlative. Vor Ort ist der gr\u00f6\u00dfte Kran Deutschlands der Firma Hartinger im Einsatz. Dieser Kran ist in der Lage ist, Bauteile von mehr als 1.000 Tonnen in H\u00f6hen von mehr als 160m zu transportieren. Projektleiter Mark erkl\u00e4rt, dass er mit der Performance der beteiligten Baufirmen sehr zufrieden ist und dass die \u00fcberwiegend g\u00fcnstigen Witterungsbedingungen zu der bislang sehr schnellen Umsetzung des EWP Projektes positiv beigetragen haben. <\/p>\n<\/p>\n<p><p style=\"text-align:justify\">Aber auch das KEVER-Team, das sich aus Mitarbeitern und Mitarbeiterinnen der ENE und PE zusammensetzt, hat in so mancher Sp\u00e4tschicht die Voraussetzungen f\u00fcr die Genehmigung und den Bau dieses Mega-Projektes geschaffen. Auch w\u00e4hrend und nach der Bauphase werden die Kolleginnen und Kollegen der KEVER weiterhin daf\u00fcr Sorge tragen, dass dieses Projekt im Rahmen der gesetzlichen Bestimmungen und Auflagen betrieben werden wird.<\/p>\n<\/p>\n<p><p style=\"text-align:justify\">Schlie\u00dflich steht der Name KEVER f\u00fcr regionale Wertsch\u00f6pfung und die Schaffung und den Erhalt von Arbeitspl\u00e4tzen in der Region.&nbsp;<\/p><\/p>\n","protected":false},"excerpt":{"rendered":"<p>Ein weiteres KEVER-Projekt steht nun dicht vor dem Abschluss und die Projektplaner und -initiatoren der KEVER PBB gehen davon aus, dass 9 von 10 Anlagen des Typs Enercon E 115 bereits Anfang April 2017 im Probebetrieb sein werden. Damit ist ein weiterer wichtiger Projektmeilenstein deutlich vor dem Bauzeitenplan erreicht.<\/p>\n","protected":false},"author":2,"featured_media":1229,"comment_status":"closed","ping_status":"open","sticky":false,"template":"","format":"standard","meta":{"_acf_changed":false,"footnotes":""},"categories":[4,5,6],"tags":[],"class_list":["post-1228","post","type-post","status-publish","format-standard","has-post-thumbnail","hentry","category-staedtebau-bauleitplanung","category-tiefbau","category-umwelt-freiraumplanung","infinite-scroll-item","no-featured-image-padding"],"acf":[],"_links":{"self":[{"href":"https:\/\/pe-becker.de\/pe-news\/wp-json\/wp\/v2\/posts\/1228","targetHints":{"allow":["GET"]}}],"collection":[{"href":"https:\/\/pe-becker.de\/pe-news\/wp-json\/wp\/v2\/posts"}],"about":[{"href":"https:\/\/pe-becker.de\/pe-news\/wp-json\/wp\/v2\/types\/post"}],"author":[{"embeddable":true,"href":"https:\/\/pe-becker.de\/pe-news\/wp-json\/wp\/v2\/users\/2"}],"replies":[{"embeddable":true,"href":"https:\/\/pe-becker.de\/pe-news\/wp-json\/wp\/v2\/comments?post=1228"}],"version-history":[{"count":1,"href":"https:\/\/pe-becker.de\/pe-news\/wp-json\/wp\/v2\/posts\/1228\/revisions"}],"predecessor-version":[{"id":1286,"href":"https:\/\/pe-becker.de\/pe-news\/wp-json\/wp\/v2\/posts\/1228\/revisions\/1286"}],"wp:featuredmedia":[{"embeddable":true,"href":"https:\/\/pe-becker.de\/pe-news\/wp-json\/wp\/v2\/media\/1229"}],"wp:attachment":[{"href":"https:\/\/pe-becker.de\/pe-news\/wp-json\/wp\/v2\/media?parent=1228"}],"wp:term":[{"taxonomy":"category","embeddable":true,"href":"https:\/\/pe-becker.de\/pe-news\/wp-json\/wp\/v2\/categories?post=1228"},{"taxonomy":"post_tag","embeddable":true,"href":"https:\/\/pe-becker.de\/pe-news\/wp-json\/wp\/v2\/tags?post=1228"}],"curies":[{"name":"wp","href":"https:\/\/api.w.org\/{rel}","templated":true}]}}