{"id":1181,"date":"2020-03-01T00:47:00","date_gmt":"2020-02-29T23:47:00","guid":{"rendered":"http:\/\/wp.pe-becker.de\/pe-news\/2020\/03\/01\/ein-bedeutsamer-meilenstein-in-der-geschichte-der-pe-becker-gmbh-andreas-goettgens-seit-01-01-2020-mit-in-der-geschaeftsfuehrung\/"},"modified":"2022-12-05T01:34:01","modified_gmt":"2022-12-05T00:34:01","slug":"ein-bedeutsamer-meilenstein-in-der-geschichte-der-pe-becker-gmbh-andreas-goettgens-seit-01-01-2020-mit-in-der-geschaeftsfuehrung","status":"publish","type":"post","link":"https:\/\/pe-becker.de\/pe-news\/2020\/03\/01\/ein-bedeutsamer-meilenstein-in-der-geschichte-der-pe-becker-gmbh-andreas-goettgens-seit-01-01-2020-mit-in-der-geschaeftsfuehrung\/","title":{"rendered":"Ein bedeutsamer Meilenstein in der Geschichte der PE Becker GmbH Andreas G\u00f6ttgens seit 01.01.2020 mit in der Gesch\u00e4ftsf\u00fchrung"},"content":{"rendered":"<p><b>Vita Andreas G\u00f6ttgens<\/b>\n<\/p>\n<p>Andreas G\u00f6ttgens, Jahrgang 1964, hat an der Rheinisch-Westf\u00e4lischen Technischen Hochschule Aachen, heute RWTH Aachen University, Bauingenieurwesen nach der seinerzeitigen Pr\u00fcfungsordnung mit einem umfassenden Hauptstudium und den Vertiefungs-Fachrichtungen Siedlungswasserwirtschaft, Grundbau und Bodenmechanik sowie Abfallwirtschaft studiert. Er hat dieses Studium 1992 mit dem Erwerb des akademischen Grades \u201eDiplom-Ingenieur\u201c, Fachrichtung Bauingenieurwesen, abgeschlossen.\n<\/p>\n<p>Nach dreieinhalbj\u00e4hriger T\u00e4tigkeit als Projektingenieur bei einem mittelst\u00e4ndischen Ingenieurb\u00fcro hat Herr G\u00f6ttgens im Oktober 1995 seine T\u00e4tigkeit bei der Planungs- und Entwicklungsgemeinschaft Becker, der Vorg\u00e4ngerinstitution der PE Becker GmbH, aufgenommen und dort mit Herrn Dipl.-Ing. Bernd Becker die Abteilung \u201eTiefbau\u201c aufgebaut. Von 2001 bis Ende 2019 war er Leiter der Abteilung Tiefbau, ab 2014 zus\u00e4tzlich Prokurist.\n<\/p>\n<p>Seit Beginn des Jahres 2020 ist er neben dem gesch\u00e4ftsf\u00fchrenden Gesellschafter Bernd Becker weiterer Gesch\u00e4ftsf\u00fchrer der PE Becker GmbH. Herr G\u00f6ttgens ist neben den damit verbundenen Aufgaben auch weiterhin im Projektgesch\u00e4ft t\u00e4tig, hier \u00fcberwiegend im Bereich der Projektorganisation und f\u00fcr Spezialthemen des Fachbereichs Tiefbau. Dar\u00fcber hinaus engagiert sich Herr G\u00f6ttgens im Bereich der F\u00f6rderung des Fachkr\u00e4ftenachwuchses, sowohl bei der Ausbildung von Bauzeichnerinnen und Bauzeichnern, wie auch bei der F\u00f6rderung von Studierenden durch Unterst\u00fctzung bei der Themenfindung f\u00fcr Studien- und Abschlussarbeiten und auch als zweiter Pr\u00fcfer bei Abschlusspr\u00fcfungen an der Fachhochschule Aachen.<\/p>\n","protected":false},"excerpt":{"rendered":"<p><b>Vita Andreas G\u00f6ttgens<\/b> <\/p>\n<p>Andreas G\u00f6ttgens, Jahrgang 1964, hat an der Rheinisch-Westf\u00e4lischen Technischen Hochschule Aachen, heute RWTH Aachen University, Bauingenieurwesen nach der seinerzeitigen Pr\u00fcfungsordnung mit einem umfassenden Hauptstudium und den Vertiefungs-Fachrichtungen Siedlungswasserwirtschaft, Grundbau und Bodenmechanik sowie Abfallwirtschaft studiert. Er hat dieses Studium 1992 mit dem Erwerb des akademischen Grades \u201eDiplom-Ingenieur\u201c, Fachrichtung Bauingenieurwesen, abgeschlossen. <\/p>\n<p>Nach dreieinhalbj\u00e4hriger T\u00e4tigkeit als Projektingenieur bei einem mittelst\u00e4ndischen Ingenieurb\u00fcro hat Herr G\u00f6ttgens im Oktober 1995 seine T\u00e4tigkeit bei der Planungs- und &#8230; [&#8230;]<\/p>\n","protected":false},"author":2,"featured_media":0,"comment_status":"closed","ping_status":"open","sticky":false,"template":"","format":"standard","meta":{"_acf_changed":false,"footnotes":""},"categories":[3],"tags":[],"class_list":["post-1181","post","type-post","status-publish","format-standard","hentry","category-intern","infinite-scroll-item","no-featured-image-padding"],"acf":[],"_links":{"self":[{"href":"https:\/\/pe-becker.de\/pe-news\/wp-json\/wp\/v2\/posts\/1181","targetHints":{"allow":["GET"]}}],"collection":[{"href":"https:\/\/pe-becker.de\/pe-news\/wp-json\/wp\/v2\/posts"}],"about":[{"href":"https:\/\/pe-becker.de\/pe-news\/wp-json\/wp\/v2\/types\/post"}],"author":[{"embeddable":true,"href":"https:\/\/pe-becker.de\/pe-news\/wp-json\/wp\/v2\/users\/2"}],"replies":[{"embeddable":true,"href":"https:\/\/pe-becker.de\/pe-news\/wp-json\/wp\/v2\/comments?post=1181"}],"version-history":[{"count":1,"href":"https:\/\/pe-becker.de\/pe-news\/wp-json\/wp\/v2\/posts\/1181\/revisions"}],"predecessor-version":[{"id":1259,"href":"https:\/\/pe-becker.de\/pe-news\/wp-json\/wp\/v2\/posts\/1181\/revisions\/1259"}],"wp:attachment":[{"href":"https:\/\/pe-becker.de\/pe-news\/wp-json\/wp\/v2\/media?parent=1181"}],"wp:term":[{"taxonomy":"category","embeddable":true,"href":"https:\/\/pe-becker.de\/pe-news\/wp-json\/wp\/v2\/categories?post=1181"},{"taxonomy":"post_tag","embeddable":true,"href":"https:\/\/pe-becker.de\/pe-news\/wp-json\/wp\/v2\/tags?post=1181"}],"curies":[{"name":"wp","href":"https:\/\/api.w.org\/{rel}","templated":true}]}}