{"id":1177,"date":"2017-09-04T19:11:59","date_gmt":"2017-09-04T17:11:59","guid":{"rendered":"http:\/\/wp.pe-becker.de\/pe-news\/2017\/09\/04\/eine-einzigartige-aldi-filiale-fuer-die-eifel\/"},"modified":"2022-12-05T01:34:14","modified_gmt":"2022-12-05T00:34:14","slug":"eine-einzigartige-aldi-filiale-fuer-die-eifel","status":"publish","type":"post","link":"https:\/\/pe-becker.de\/pe-news\/2017\/09\/04\/eine-einzigartige-aldi-filiale-fuer-die-eifel\/","title":{"rendered":"Eine einzigartige  ALDI-Filiale f\u00fcr die Eifel"},"content":{"rendered":"<p><div>Ein Neubau der ALDI-S\u00dcD-\u201eFiliale der Zukunft\u201c geht in Nettersheim-Zingsheim an den Start. Eingebunden in den Ort entsteht an der N\u00fcrburgstra\u00dfe in Richtung Blankenheim ein ALDI-Geb\u00e4ude, wie man es noch nicht kennt: Der Verkaufsraum wird durch sichtbare Holzbinder und Oberlichtb\u00e4nder hell und freundlich; eine hohe Stahl-Glas-Konstruktion im Kassenbereich durchflutet den Raum mit Licht. Das \u00e4u\u00dfere Erscheinungsbild wirkt durch die kubische, wei\u00dfe Geb\u00e4udeform zeitlos und dennoch modern. Ein besonderer Hingucker wird die Fassade des Pfand- und Backraumes: Das Aush\u00e4ngeschild der Gemeinde Nettersheim \u201eHolz\u201c wird durch eine Wandoberfl\u00e4che in Holzoptik aufgenommen.<\/div>\n<\/p>\n<p><div>Die Inneneinrichtung wird im Zuge des Einrichtungkonzeptes \u201eFiliale der Zukunft\u201c auf einer Verkaufsfl\u00e4che von 800 m\u00b2 mit einer neuen Optik \u00fcberzeugen.<\/div>\n<\/p>\n<p><div>Der Spatenstich mit B\u00fcrgermeister Wilfried Pracht, ALDI-Filialentwickler Bj\u00f6rn Just und Bauingenieur Norbert Wasch von der PE Becker GmbH erfolgte am 8. Februar 2017. Um den anvisierten Er\u00f6ffnungstermin im Sommer 2017 sicherstellen zu k\u00f6nnen, laufen seither die Planungs- und Ausf\u00fchrungsarbeiten auf Hochtouren. &nbsp;<\/div>\n<\/p>\n<p><div><i>&#8211; Dipl.-Ing. Architektin Bettina Scheer<\/i><\/div><\/p>\n","protected":false},"excerpt":{"rendered":"<p><div>Ein Neubau der ALDI-S\u00dcD-\u201eFiliale der Zukunft\u201c geht in Nettersheim-Zingsheim an den Start. Eingebunden in den Ort entsteht an der N\u00fcrburgstra\u00dfe in Richtung Blankenheim ein ALDI-Geb\u00e4ude, wie man es noch nicht kennt: Der Verkaufsraum wird durch sichtbare Holzbinder und Oberlichtb\u00e4nder hell und freundlich; eine hohe Stahl-Glas-Konstruktion im Kassenbereich durchflutet den Raum mit Licht. Das \u00e4u\u00dfere Erscheinungsbild wirkt durch die kubische, wei\u00dfe Geb\u00e4udeform zeitlos und dennoch modern. Ein besonderer Hingucker wird die Fassade des Pfand- und Backraumes: &#8230; [&#8230;]<\/div><\/p>\n","protected":false},"author":2,"featured_media":1178,"comment_status":"closed","ping_status":"open","sticky":false,"template":"","format":"standard","meta":{"_acf_changed":false,"footnotes":""},"categories":[2],"tags":[],"class_list":["post-1177","post","type-post","status-publish","format-standard","has-post-thumbnail","hentry","category-hoch-ingenieurbau","infinite-scroll-item","no-featured-image-padding"],"acf":[],"_links":{"self":[{"href":"https:\/\/pe-becker.de\/pe-news\/wp-json\/wp\/v2\/posts\/1177","targetHints":{"allow":["GET"]}}],"collection":[{"href":"https:\/\/pe-becker.de\/pe-news\/wp-json\/wp\/v2\/posts"}],"about":[{"href":"https:\/\/pe-becker.de\/pe-news\/wp-json\/wp\/v2\/types\/post"}],"author":[{"embeddable":true,"href":"https:\/\/pe-becker.de\/pe-news\/wp-json\/wp\/v2\/users\/2"}],"replies":[{"embeddable":true,"href":"https:\/\/pe-becker.de\/pe-news\/wp-json\/wp\/v2\/comments?post=1177"}],"version-history":[{"count":1,"href":"https:\/\/pe-becker.de\/pe-news\/wp-json\/wp\/v2\/posts\/1177\/revisions"}],"predecessor-version":[{"id":1280,"href":"https:\/\/pe-becker.de\/pe-news\/wp-json\/wp\/v2\/posts\/1177\/revisions\/1280"}],"wp:featuredmedia":[{"embeddable":true,"href":"https:\/\/pe-becker.de\/pe-news\/wp-json\/wp\/v2\/media\/1178"}],"wp:attachment":[{"href":"https:\/\/pe-becker.de\/pe-news\/wp-json\/wp\/v2\/media?parent=1177"}],"wp:term":[{"taxonomy":"category","embeddable":true,"href":"https:\/\/pe-becker.de\/pe-news\/wp-json\/wp\/v2\/categories?post=1177"},{"taxonomy":"post_tag","embeddable":true,"href":"https:\/\/pe-becker.de\/pe-news\/wp-json\/wp\/v2\/tags?post=1177"}],"curies":[{"name":"wp","href":"https:\/\/api.w.org\/{rel}","templated":true}]}}