{"id":1164,"date":"2013-08-01T13:38:24","date_gmt":"2013-08-01T11:38:24","guid":{"rendered":"http:\/\/wp.pe-becker.de\/pe-news\/2013\/08\/01\/gute-perspektiven-fuer-die-windenergienutzung-auf-waldflaechen\/"},"modified":"2022-12-05T01:34:35","modified_gmt":"2022-12-05T00:34:35","slug":"gute-perspektiven-fuer-die-windenergienutzung-auf-waldflaechen","status":"publish","type":"post","link":"https:\/\/pe-becker.de\/pe-news\/2013\/08\/01\/gute-perspektiven-fuer-die-windenergienutzung-auf-waldflaechen\/","title":{"rendered":"Gute Perspektiven f\u00fcr die Windenergienutzung auf Waldfl\u00e4chen?"},"content":{"rendered":"<p><h3><b>Neuer Leitfaden konkretisiert die Nutzung von Waldfl\u00e4chen f\u00fcr die Windenergienutzung von Nordrhein-Westfalen.<\/b><\/h3>\n<\/p>\n<p><b><span style=\"color: #106b4e;\">Herr Wollgarten, die Windenergie nimmt unter den regenerativen Energien eine Top-Position ein, ist es auch ein Top-Thema in Ihrer <span style=\"color: #7f7f7f;\"><a title=\"Vorstellung der Abteilung Umwelt- und Freiraumplanung\" href=\"http:\/\/blog.pe-becker.de\/2013\/vorstellung-der-abteilung-umwelt-und-freiraumplanung\/\">Abteilung<\/a><\/span>?<\/span><\/b>\n<\/p>\n<p><b><a href=\"http:\/\/blog.pe-becker.de\/wp-content\/uploads\/2013\/07\/arne_wollgarten.jpg\" data-rel=\"lightbox-gallery-0\" data-rl_title=\"\" data-rl_caption=\"\" title=\"\"><\/a><\/b><span id=\"more-564\"><\/span>\n<\/p>\n<blockquote><p>Ja, vor dem Hintergrund der aktuellen politischen Diskussion und der Ereignisse der j\u00fcngeren Vergangenheit, hat der politische Wille der Steigerung der Windenergienutzung nun auch die konkrete Planungsebene erreicht. Dabei stehen wir als Dienstleister mit unserem interdisziplin\u00e4ren Team an der Seite unserer Kunden, insbesondere der kommunalen Planungstr\u00e4ger, um auch auf regionaler Ebene Ma\u00dfnahmen gegen den voranschreitenden Klimawandel zu ergreifen. Die \u00fcberregionalen Planungstr\u00e4ger in Nordrhein-Westfalen und Rheinland-Pfalz haben z. B. durch Erlasse, Leitf\u00e4den und sonstige Richtlinien Regelungen geschaffen, die neuerliche Planungsaktivit\u00e4ten speziell der Kommunen erfordern. Ein besonders hervorzuhebender Aspekt ist dabei, dass Nordrhein-Westfalen unter bestimmten Umst\u00e4nden erstmalig die Waldfl\u00e4chen f\u00fcr die Windenergienutzung \u00f6ffnet.<\/p><\/blockquote>\n<p><b><span style=\"color: #106b4e;\">Sie sprachen die Nutzung von Waldfl\u00e4chen f\u00fcr die Windenergie bereits an, diesbez\u00fcglich hat die Landesregierung Nordrhein-Westfalen einen neuen Leitfaden f\u00fcr Windenergieanlagen auf Waldfl\u00e4chen in Nordrhein-Westfalen ver\u00f6ffentlicht. Welche Rolle spielt dieser Leitfaden bei der planerischen Auseinandersetzung mit dem Thema Windenergie?<\/span><\/b>\n<\/p>\n<blockquote><p>Der Wald stellt einen besonders sensiblen und \u00f6kologisch wertvollen Raum dar, der vor einer Inanspruchnahme f\u00fcr anderweitige Nutzungen besonders zu begutachten ist. Vor dem Hintergrund des Windenergieerlasses der nordrhein-westf\u00e4lischen Landesregierung vom 11. Juli 2011 versetzt uns der nun ver\u00f6ffentlichte Leitfaden in die Lage, landesweit Waldfl\u00e4chen einheitlich zu beurteilen und die \u00f6konomisch, \u00f6kologisch und forstlich optimal geeigneten Standorte f\u00fcr Windenergieanlagen im Wald heraus zu filtern.<\/p><\/blockquote>\n<p><h3><a href=\"http:\/\/blog.pe-becker.de\/wp-content\/uploads\/2013\/08\/windrad-artikel.png\" data-rel=\"lightbox-gallery-0\" data-rl_title=\"\" data-rl_caption=\"\" title=\"\"><\/a><\/h3>\n<\/p>\n<p><b><span style=\"color: #106b4e;\">Ist es jedoch nicht so, dass f\u00fcr die Nutzung von Waldstandorten auch f\u00fcr Windenergieanla-gen eine hohe Beurteilungsschwelle angesetzt wird?<\/span><\/b>\n<\/p>\n<blockquote><p>Das ist richtig. Der Wald genie\u00dft als zwar forstlich gepr\u00e4gter, aber im wesentlichen relativ naturnaher Raum einen besonderen Schutz. Dieser dr\u00fcckt sich auch in den Zielen der Landesplanung aus, welche im Landesentwicklungsplan zur Gew\u00e4hrleistung einer Sicherung der vielf\u00e4ltigen nachhaltigen Funktionen der Waldgebiete festgelegt sind. Sie d\u00fcrfen f\u00fcr andere Nutzungen nach derzeitiger Rechtslage nur in Anspruch genommen werden, wenn diese Nutzung au\u00dferhalb des Waldes nicht realisierbar ist. F\u00fcr die Errichtung von Windparks oder Windenergieanlagen gilt das f\u00fcr die F\u00e4lle, in denen eine Nutzung au\u00dferhalb des Waldes nicht m\u00f6glich ist. Kann eine Kommune demnach z. B. im Zuge einer detaillierten Untersuchung nachweisen, dass Offenlandfl\u00e4chen f\u00fcr eine Nutzung durch die Windenergie nicht zur Verf\u00fcgung stehen, versetzt sie der bereits jetzt rechtsg\u00fcltige Landesentwicklungsplan in die Lage, Windenergiekonzentrationszonen auf Waldfl\u00e4chen zu planen bzw. dort entsprechende bauplanungsrechtliche Voraussetzungen f\u00fcr den Bau von Windenergieanlagen zu schaffen.<\/p><\/blockquote>\n<p><b><span style=\"color: #106b4e;\">K\u00f6nnte sich diesbez\u00fcglich etwas \u00e4ndern, wenn die zuk\u00fcnftige nordrhein-westf\u00e4lische Landesregierung eine Novellierung des Landesentwicklungsplanes [LEP] im laufenden Jahr auf den Weg bringt?<\/span><\/b>\n<\/p>\n<blockquote><p>Wir k\u00f6nnen nicht in die Zukunft schauen, jedoch ist anzunehmen, dass eine Novellierung des LEP, welche seitens der bisherigen Landesregierung in NRW angestrebt wurde, eine Lockerung der bisherigen Regelung beinhalten wird. Da derzeit noch keine Entw\u00fcrfe einer solchen Novelle vorliegen, ist es schwierig zu prognostizieren, in welchem Ma\u00dfe und bis zu welchem Grad die derzeitige Formulierung noch modifiziert wird. Es darf jedoch vermutet werden, dass die politische Absicht besteht, worauf auch die Ver\u00f6ffentlichung eines Leitfadens zur Steuerung der Windenergie auf Waldstandorten und entsprechende Formulierungen im Windenergieerlass auf 2011 hinweist, den Wald in beschr\u00e4nktem Umfange f\u00fcr die Nutzung durch die Windenergie zu \u00f6ffnen.<\/p><\/blockquote>\n<p><b><span style=\"color: #106b4e;\">Rechtlich scheint in diesem Bereich derzeit einiges im Umbruch zu sein. Als professioneller Planer m\u00fcssen Sie jedoch die praktische Umsetzung dieser Vorschriften im Auge haben. Was bedeutet das f\u00fcr Sie?<\/span><\/b>\n<\/p>\n<blockquote><p>Als Auftragnehmer von Kommunalverwaltungen und Privatkunden und als diversifiziert aufgestelltes Dienstleistungsunternehmen sind wir auf die aktuellen rechtlichen Rahmenbedingungen als Basis unserer Arbeit dringend angewiesen, das hei\u00dft zu allererst: Am Puls der Zeit sein, die aktuelle Gesetzgebung beobachten, die aktuelle Rechtsprechung verfolgen und die notwendigen planerischen Konsequenzen daraus ziehen. Unsere Kunden haben selbstverst\u00e4ndlich den Anspruch, professionelle Planungen auf der Basis der aktuellen Rechtslage zu erhalten.<\/p><\/blockquote>\n<p><h3><\/h3>\n<\/p>\n<p><b><span style=\"color: #106b4e;\">Wir haben viel \u00fcber Nordrhein-Westfalen gesprochen, aber in unmittelbarer Nachbarschaft zu Rheinland-Pfalz sind doch mit Sicherheit auch die dort herrschenden Rahmenbedingungen von Relevanz.<\/span><\/b>\n<\/p>\n<blockquote><p>Nat\u00fcrlich endet unsere planerische T\u00e4tigkeit nicht an den Landesgrenzen. Die Rahmenbedingungen f\u00fcr die Windenergienutzung in Rheinland-Pfalz sind jedoch etwas anders gelagert als im benachbarten NRW: Hier ist die Windenergienutzung im Wald bereits seit geraumer Zeit m\u00f6glich und wird auch umgesetzt. Jedoch befinden sich augenblicklich die rahmengebenden Regelungen in einem Novellierungsprozess, so wird beispielsweise das rahmengebende Rundschreiben des zust\u00e4ndigen Ministeriums derzeit \u00fcberarbeitet und die Planungsgemeinschaften \u00fcberpr\u00fcfen die Regionalen Raumordnungspl\u00e4ne bez\u00fcglich der Aussagen und Festsetzungen zur Windenergie. Hier beobachten wir die aktuellen Entwicklungen, um f\u00fcr unsere Kunden Planungen erstellen zu k\u00f6nnen, die auf aktuellsten \u00fcbergeordneten Planungen und Rahmenbedingungen beruhen.<\/p><\/blockquote>\n<p><b><span style=\"color: #106b4e;\">Verfolgen Sie unabh\u00e4ngig von den aktuellen Gegebenheiten und Entwicklungen eine planerische Leitlinie, welche Sie unabh\u00e4ngig von aktuellen Str\u00f6mungen und dem tagesaktuellen Geschehen bei Ihrer t\u00e4glichen Arbeit begleitet?<\/span><\/b>\n<\/p>\n<blockquote><p>Planung von Windenergieanlagen ist ein komplexes Themenfeld. Technische, \u00f6kologische und \u00f6konomische Aspekte sind in dieser Thematik miteinander verbunden. Dieser Komplexit\u00e4t wird durch die Struktur der PE Becker GmbH perfekt Rechnung getragen. Als Leitlinine ist uns daher stets eine vernetzte Betrachtung aller unterschiedlicher Aspekte sehr wichtig. Wir wollen unseren Kunden eine allumfassende L\u00f6sung der ihrerseits an uns gestellten planerischen Aufgaben bieten. Ver\u00e4ndern sich auch die diversen politischen Rahmenbedingungen, so sind dennoch die wesentlichen Aspekte solch umfassender Planungen, wie zuvor genannt, zu beachten. Unser besonderes Augenmerk, faktisch die planerische Richtschnur, gilt daher, im Sinne des Kunden einer ausgewogenen Betrachtung aller Aspekte und der Ableitung der richtigen planerischen Konsequenzen. Dieser Aufgabe stellen wir uns gerne!&nbsp;<\/p><\/blockquote>\n<p><b>Weitere Informationen zur Abteilung:<\/b>\n<\/p>\n<p><a title=\"Zur Abteilungsvorstellung\" href=\"https:\/\/www.pe-becker.de\/umweltplanungfreiraumplanung\/abteilungs-vorstellung-umweltplanung-freiraumplanung.html\" target=\"_blank\" rel=\"noopener\"> Umweltplanung \u2013 Freiraumplanung<\/a>\n<\/p>\n<p><a title=\"Zu den Leistungen der Abteilung\" href=\"https:\/\/www.pe-becker.de\/umweltplanungfreiraumplanung\/leistungen-umweltplanung-freiraumplanung.html\" target=\"_blank\" rel=\"noopener\">Leistungen<\/a>\n<\/p>\n<p><a title=\"Zu den aktuellen Projekten der Abteilung\" href=\"https:\/\/www.pe-becker.de\/umweltplanungfreiraumplanung\/aktuelle-projekte-umweltplanung-freiraumplanung.html\" target=\"_blank\" rel=\"noopener\">Aktuelle Projekte<\/a>\n<\/p>\n<p><a title=\"Die Referenzen der Abteilung\" href=\"https:\/\/www.pe-becker.de\/umweltplanungfreiraumplanung\/referenzen-umweltplanung-freiraumplanung.html\" target=\"_blank\" rel=\"noopener\">Referenzen<\/a>\n<\/p>\n<p><b>finden Sie auf<\/b> <a title=\"Zur Startseite der PE-Becker GmbH\" href=\"https:\/\/www.pe-becker.de\" target=\"_blank\" rel=\"noopener\">pe-becker.de<\/a><\/p>\n","protected":false},"excerpt":{"rendered":"<p>Neuer Leitfaden konkretisiert die Nutzung von Waldfl\u00e4chen f\u00fcr die Windenergienutzung von Nordrhein-Westfalen. Herr Wollgarten, die Windenergie nimmt unter den regenerativen Energien eine Top-Position ein, ist es auch ein Top-Thema in Ihrer Abteilung? Ja, vor dem Hintergrund der aktuellen politischen Diskussion und der Ereignisse der j\u00fcngeren Vergangenheit, hat der politische Wille der Steigerung der Windenergienutzung nun <\/p>\n","protected":false},"author":2,"featured_media":1165,"comment_status":"closed","ping_status":"open","sticky":false,"template":"","format":"standard","meta":{"_acf_changed":false,"footnotes":""},"categories":[1,4],"tags":[],"class_list":["post-1164","post","type-post","status-publish","format-standard","has-post-thumbnail","hentry","category-allgemein","category-staedtebau-bauleitplanung","infinite-scroll-item","no-featured-image-padding"],"acf":[],"_links":{"self":[{"href":"https:\/\/pe-becker.de\/pe-news\/wp-json\/wp\/v2\/posts\/1164","targetHints":{"allow":["GET"]}}],"collection":[{"href":"https:\/\/pe-becker.de\/pe-news\/wp-json\/wp\/v2\/posts"}],"about":[{"href":"https:\/\/pe-becker.de\/pe-news\/wp-json\/wp\/v2\/types\/post"}],"author":[{"embeddable":true,"href":"https:\/\/pe-becker.de\/pe-news\/wp-json\/wp\/v2\/users\/2"}],"replies":[{"embeddable":true,"href":"https:\/\/pe-becker.de\/pe-news\/wp-json\/wp\/v2\/comments?post=1164"}],"version-history":[{"count":1,"href":"https:\/\/pe-becker.de\/pe-news\/wp-json\/wp\/v2\/posts\/1164\/revisions"}],"predecessor-version":[{"id":1309,"href":"https:\/\/pe-becker.de\/pe-news\/wp-json\/wp\/v2\/posts\/1164\/revisions\/1309"}],"wp:featuredmedia":[{"embeddable":true,"href":"https:\/\/pe-becker.de\/pe-news\/wp-json\/wp\/v2\/media\/1165"}],"wp:attachment":[{"href":"https:\/\/pe-becker.de\/pe-news\/wp-json\/wp\/v2\/media?parent=1164"}],"wp:term":[{"taxonomy":"category","embeddable":true,"href":"https:\/\/pe-becker.de\/pe-news\/wp-json\/wp\/v2\/categories?post=1164"},{"taxonomy":"post_tag","embeddable":true,"href":"https:\/\/pe-becker.de\/pe-news\/wp-json\/wp\/v2\/tags?post=1164"}],"curies":[{"name":"wp","href":"https:\/\/api.w.org\/{rel}","templated":true}]}}