{"id":1081,"date":"2013-07-12T12:50:22","date_gmt":"2013-07-12T10:50:22","guid":{"rendered":"http:\/\/wp.pe-becker.de\/pe-news\/2013\/07\/12\/vorstellung-der-abteilung-umwelt-und-freiraumplanung\/"},"modified":"2022-12-05T01:34:35","modified_gmt":"2022-12-05T00:34:35","slug":"vorstellung-der-abteilung-umwelt-und-freiraumplanung","status":"publish","type":"post","link":"https:\/\/pe-becker.de\/pe-news\/2013\/07\/12\/vorstellung-der-abteilung-umwelt-und-freiraumplanung\/","title":{"rendered":"Vorstellung der Abteilung Umwelt- und Freiraumplanung"},"content":{"rendered":"<p><b>Wir sorgen f\u00fcr Umweltvertr\u00e4glichkeit<a href=\"http:\/\/blog.pe-becker.de\/wp-content\/uploads\/2013\/07\/arne_wollgarten.jpg\" data-rel=\"lightbox-gallery-0\" data-rl_title=\"\" data-rl_caption=\"\" title=\"\"><\/a><\/b>\n<\/p>\n<p><span style=\"color: #106b4e;\"><b>Herr Wollgarten, es ist schon fast Tradition, bei&nbsp;der ersten Frage der Vorstellung der Abteilungen&nbsp;nach einem Motto zu fragen, unter dem die&nbsp;Mitarbeiter der PE Becker GmbH jeden Tag neu&nbsp;beginnen. Haben Sie auch ein solches Motto?<\/b><\/span>\n<\/p>\n<blockquote><p>Als Bachelor of Science Forstwirtschaft verfolge&nbsp;ich nat\u00fcrlich ein Motto, das im Zusammenhang&nbsp;mit der Nachhaltigkeit steht, einem heute viel diskutierten&nbsp;Begriff, der erstmals im Zusammenhang&nbsp;mit der Waldwirtschaft erw\u00e4hnt wurde:&nbsp;Planung ist der Beginn der \u00f6konomischen, gesellschaftlichen&nbsp;und \u00f6kologischen Nachhaltigkeit.&nbsp;Dieser moderne Ansatz erm\u00f6glicht durch&nbsp;Modellierung und Abw\u00e4gung das Optimum&nbsp;f\u00fcr alle Aspekte zu erreichen \u2013 Tag f\u00fcr Tag.<\/p><\/blockquote>\n<p><span style=\"color: #106b4e;\"><b>Sie sind alleiniger Mitarbeiter im Bereich <a title=\"Weitere Informationen zur Abteilung!\" href=\"https:\/\/www.pe-becker.de\/umweltplanungfreiraumplanung\/abteilungs-vorstellung-umweltplanung-freiraumplanung.html\">Umweltund&nbsp;Freiraumplanung der PE Becker GmbH<\/a>.&nbsp;Sind Sie damit auch ein Einzelk\u00e4mpfer?<\/b><\/span>\n<\/p>\n<blockquote><p>Absolut nicht! Die Abteilung Umweltplanung&nbsp;versteht sich als Dienstleister innerhalb des Unternehmens:&nbsp;Umweltplanerische Belange sind in&nbsp;allen anderen Fachabteilungen von stetig zunehmendem&nbsp;Interesse. Bei genauer Betrachtung&nbsp;ergibt sich dabei die gr\u00f6\u00dfte Schnittmenge&nbsp;mit der Abteilung St\u00e4dtebau, aber insbesondere&nbsp;die gestalterischen T\u00e4tigkeiten erfordern&nbsp;eine enge Abstimmung mit den Abteilungen&nbsp;Tiefbau sowie Hoch- und Ingenieurbau. Es ist&nbsp;unschwer vorzustellen, dass dabei der innerbetrieblichen&nbsp;Kommunikation eine Schl\u00fcsselrolle&nbsp;zukommt, die durch kurze Wege und das&nbsp;interdisziplin\u00e4re Team der PE Becker GmbH&nbsp;durchg.ngig gew\u00e4hrleistet ist. Das macht&nbsp;Freude und dient dem z\u00fcgigen und \u00f6konomischen&nbsp;Fortschritt der Projekte unserer Kunden.<\/p><\/blockquote>\n<p><span style=\"color: #106b4e;\"><b>Umweltplanerische Belange werden in vielen&nbsp;Vorhaben kritisch betrachtet, daher k\u00f6nnte&nbsp;man vermuten, dass Sie an der einen oder&nbsp;anderen Stelle auch intensive \u00dcberzeugungsarbeit&nbsp;leisten m\u00fcssen.<\/b><\/span>\n<\/p>\n<blockquote><p>\u00d6kologischen Belangen haftet oftmals noch&nbsp;das Image an, projektverhindernd und teuer zu&nbsp;sein, kurzum den wirtschaftlichen Erfolg zu mindern,&nbsp;sei es durch die Fl\u00e4chenbeanspruchung&nbsp;in Baugebieten oder die Umsetzung von \u00f6kologischen&nbsp;Ma\u00dfnahmen in konkreten Projekten&nbsp;und Bauvorhaben. Dieser Einstellung stehen&nbsp;heute jedoch oftmals gesamtgesellschaftliche&nbsp;Trends wie der Lifestyle of Health Sustainability&nbsp;gegen\u00fcber, die die Beachtung \u00f6kologischer&nbsp;Belange ohne Verzicht auf errungene Annehmlichkeiten&nbsp;des t\u00e4glichen Lebens als notwendig&nbsp;und Teil einer verantwortungsbewussten Gesellschaft&nbsp;definieren. Als Fachplaner lassen wir uns&nbsp;jedoch nicht vom jeweiligen Zeitgeist leiten,&nbsp;sondern wir verstehen die f\u00fcr unsere Arbeit rahmengebenden&nbsp;gesetzlichen Normen und Vorschriften&nbsp;als Resultat dieser gesellschaftlichen&nbsp;Diskussion. Wir agieren in diesem Rahmen, um&nbsp;die Anspr\u00fcche unserer Kunden sachgerecht,&nbsp;gesetzeskonform und gem\u00e4\u00df ihrem individuellen&nbsp;\u00f6kologischen Anspruch umzusetzen.<\/p><\/blockquote>\n<p><span style=\"color: #106b4e;\"><b>Neben den baufachlichen Aspekten sind demnach&nbsp;die rechtlichen Gegebenheiten f\u00fcr Sie&nbsp;wichtige Leitlinien in Ihrer Arbeit?<\/b><\/span>\n<\/p>\n<blockquote><p>Das ist unbestritten so. Die rechtlichen Rahmenbedingungen&nbsp;sind insbesondere im \u00fcberschneidungsbereich&nbsp;zwischen Naturschutz- und Baurecht&nbsp;sehr komplex, was durch den f\u00f6deralen&nbsp;Ansatz der Gesetzgebungskompetenzen noch&nbsp;verst\u00e4rkt wird. Weiterhin sind jedoch neben den&nbsp;f\u00fcr jeden B\u00fcrger geltenden Gesetzen auch&nbsp;die Verwaltungsvorschriften, die Ausgestaltung&nbsp;des Rechts vor den Gerichten und die Intention&nbsp;des Gesetz- oder Verordnungsgebers von entscheidender&nbsp;Bedeutung f\u00fcr die praktische Arbeit.&nbsp;Daher ist es wichtig, am Ball zu bleiben und stets&nbsp;auf dem neuesten Stand zu sein. Dies gew\u00e4hrleistet&nbsp;die PE Becker GmbH hier, wie auch in&nbsp;allen anderen Abteilungen, durch konsequente&nbsp;und kontinuierliche Fortbildung. Dabei ist es&nbsp;wichtig zu erw\u00e4hnen, dass die rechtlichen&nbsp;Normen oftmals sowohl Belange der Umwelt&nbsp;als auch des mit ihr unmittelbar verbundenen&nbsp;Menschen anstreben. Die positiven Einfl\u00fcsse&nbsp;des Natur- und Umweltschutzes wirken sich&nbsp;demnach oftmals und direkt auf das Wohlbefinden&nbsp;des Menschen aus. Auch dieser Zusammenhang&nbsp;muss bei den Planungen ber\u00fccksichtigt&nbsp;werden, weil sich in der Folge oftmals&nbsp;zwei Fliegen mit einer Klappe schlagen lassen,&nbsp;was der \u00f6konomie des gesamten Vorhabens&nbsp;zutr\u00e4glich ist.<\/p><\/blockquote>\n<p><span style=\"color: #106b4e;\"><b>Die Integrit\u00e4t von verschiedensten Wirkungen&nbsp;der Umwelt auf Natur und Mensch ist also auch&nbsp;ein zentraler Aspekt Ihrer Projekte?<\/b><\/span>\n<\/p>\n<blockquote><p>Das stimmt. Werden zum Beispiel in einem Bebauungsplangebiet&nbsp;Gr\u00fcnstrukturen geplant, so&nbsp;werden diese oftmals auf ihre \u00f6kologische&nbsp;Wirkung reduziert, diese kann jedoch aufgrund&nbsp;der Fl\u00e4chenausdehnung manchmal recht&nbsp;gering sein, was dann mitunter in der Folge&nbsp;dazu f\u00fchrt, dass solche Strukturen g\u00e4nzlich&nbsp;aufgegeben werden. Unsere Planungen beruhen&nbsp;jedoch auf einem integrativen und&nbsp;multifunktionalen Ansatz: Ein solches Gr\u00fcnelement&nbsp;erf\u00fcllt neben der \u00f6kologischen auch&nbsp;viele st\u00e4dtebauliche Funktionen, wie Gliederung&nbsp;des Gebietes oder Erh\u00f6hung der Aufenthaltsqualit\u00e4t.&nbsp;Je multifunktionaler demnach&nbsp;solche Elemente sind, desto \u00f6konomischer&nbsp;wird dabei die Erf\u00fcllung der Teilfunktion. Damit&nbsp;ist ein hilfreicher Ansatz zur \u00f6konomisch optimalen&nbsp;Nutzung der Fl\u00e4che f\u00fcr den Kunden&nbsp;gegeben, die dieser in Erf\u00fcllung seiner gesellschaftlichen&nbsp;Verantwortung bereitstellt. Idealerweise&nbsp;l\u00e4sst sich diese auch noch mit seinen&nbsp;Vorstellungen beispielsweise f\u00fcr eine ansprechende&nbsp;Au\u00dfenanlage oder einen \u00f6kologisch&nbsp;bewussten Au\u00dfenauftritt kombinieren.<\/p><\/blockquote>\n<p><span style=\"color: #106b4e;\"><b>Viele Freianlagen werden durch Ihre Abteilung&nbsp;also auch aus anderen als den bisher genannten&nbsp;Gr\u00fcnden geplant, diesbez\u00fcglich existiert&nbsp;doch bestimmt ein ganzer Strau\u00df von M\u00f6glichkeiten?<\/b><\/span>\n<\/p>\n<blockquote><p>Das ist richtig. Nicht nur die unterschiedlichen,&nbsp;oft diffusen und genau zu filternden Anspr\u00fcche&nbsp;des Menschen oder der Umwelt, sondern auch&nbsp;die sehr konkreten Zielsetzungen unserer Kunden&nbsp;sind Aufgaben in der Freianlagenplanung,&nbsp;denen wir uns allt\u00e4glich stellen und die wir mit&nbsp;dem h\u00f6chsten Anspruch an Qualit\u00e4t und Zielerreichung&nbsp;l\u00f6sen. Oftmals betrifft dies die Kombination&nbsp;von .\u00c4sthetik, Funktionen f\u00fcr den Tourismus&nbsp;oder der Erholung vor dem Hintergrund des&nbsp;optischen Gesamteindrucks eines Geb\u00e4udes&nbsp;oder auch eines ganzen Ortes. Da jedoch auch&nbsp;hier Aufwand und Ertrag in einem angemessenen&nbsp;Verh\u00e4ltnis stehen sollen, wird bereits bei&nbsp;der Planung an den sp\u00e4teren Pflegeaufwand&nbsp;und somit an die \u00f6konomie der Gesamtanlage&nbsp;vor dem Hintergrund der variablen und stets&nbsp;wiederkehrenden Kosten gedacht.<\/p><\/blockquote>\n<p><span style=\"color: #106b4e;\"><b>Der Klimawandel ist derzeit ein viel diskutiertes&nbsp;Thema. Wirkt sich dieser auch schon auf Ihre&nbsp;Projektplanungen konkret aus?<\/b><\/span>\n<\/p>\n<blockquote><p>Der Klimawandel ist selbstverst.ndlich schon&nbsp;auf der Planungsebene eine nicht zu vernachl\u00e4ssigende&nbsp;Determinante. Zum Beispiel sind&nbsp;wir bereits jetzt mit \u00dcberlegungen besch\u00e4ftigt,&nbsp;wie sich die Umwelteinfl\u00fcsse auf das Pflanzenwachstum&nbsp;auswirken. Diesbez\u00fcglich gehen&nbsp;unsere Gedanken in die verschiedensten&nbsp;Richtungen, wobei insbesondere die Verschiebung&nbsp;der Standortbedingungen besonders&nbsp;wichtig ist: Welche Pflanzen sind l\u00e4ngeren extremen&nbsp;Trockenperioden gewachsen? Ist eine&nbsp;gro\u00dfz\u00fcgigere Ausgestaltung von Pflanzbeeten&nbsp;vor dem Hintergrund des Standortes und der&nbsp;gew\u00fcnschten Art notwendig? Aber auch \u00dcberlegungen zu vermehrten Starkregenereignissen&nbsp;und der entsprechenden Belastung&nbsp;der Vorfluter bzw. \u00d6kosystemen durch unangepasste&nbsp;Planungen abzuwenden. Hierbei zeigt sich&nbsp;einmal mehr der Vorteil eines interdisziplin\u00e4ren&nbsp;Teams, welches es auf kurzen Wegen m\u00f6glich&nbsp;macht, selbst mit einem so globalen Thema in&nbsp;der konkreten Planung sach- und praxisgerecht&nbsp;umzugehen.&nbsp;Die PE Becker GmbH ist dabei jedoch nicht nur&nbsp;im Bereich der Abwendung von Klimafolgen&nbsp;aktiv: Die ver\u00e4nderte energiepolitische Situation&nbsp;treibt den Ausbau der erneuerbaren Energien&nbsp;in allen Feldern voran. Insbesondere die Windenergie&nbsp;ist dabei ein Bereich, bei dem die PE&nbsp;Becker GmbH auf umfangreiches Wissen aus&nbsp;kommunalen Planverfahren der Vergangenheit&nbsp;zur\u00fcckgreifen kann. Hier arbeitet die Abteilung&nbsp;Umweltplanung daran, die Auswirkungen&nbsp;dieser Vorhaben auf Natur und Landschaft zu&nbsp;minimieren und auszugleichen. Minimierung&nbsp;beginnt dabei auf der Ebene der Suche nach&nbsp;und der Abw\u00e4gung von verschiedenen potenziellen&nbsp;Standorten und endet bei der Erfolgskontrolle&nbsp;der unterschiedlichen \u00f6kologischen&nbsp;Ma\u00dfnahmen.<\/p><\/blockquote>\n<p><span style=\"color: #106b4e;\"><b>Ist die Gefahr dann nicht gro\u00df, im Dienste der&nbsp;erneuerbaren umweltfreundlichen Energien&nbsp;andere Umweltbelange weniger zu ber\u00fccksichtigen?<\/b><\/span>\n<\/p>\n<blockquote><p>Diese Gefahr besteht im Zusammenhang mit&nbsp;erneuerbaren Energien fortlaufend. Dabei kann&nbsp;nur eine gute fachliche Planung eine ordnungsgem\u00e4\u00dfe&nbsp;Umsetzung garantieren, wobei&nbsp;fachliche und faktische Gesichtspunkte entscheidend&nbsp;sind. Beispielsweise sind die Umweltauswirkungen&nbsp;einer Windenergieanlage&nbsp;hinsichtlich Schall oder Bauh\u00f6he genauso zu&nbsp;betrachten wie die eines vergleichbaren andersartigen&nbsp;Bauwerkes. Jeder Aspekt und seine&nbsp;spezifischen Auswirkungen auf Mensch und&nbsp;Umwelt ist faktisch und an den modernsten&nbsp;Erkenntnissen auszurichten sowie sorgf\u00e4ltig abzuw\u00e4gen.&nbsp;Meine Abteilung hilft dabei, diese&nbsp;schwierigen Prozesse seitens der \u00f6kologischen&nbsp;Belange optimal zu begleiten.<\/p><\/blockquote>\n<p><span style=\"color: #106b4e;\"><b>Wie stellt sich Ihrer Meinung nach die Zukunft&nbsp;der Teildisziplin Umweltplanungen in der Bauleit- und&nbsp;Ausf\u00fchrungsplanung dar?<\/b><\/span>\n<\/p>\n<blockquote><p>Das Spektrum der .kologischen Belange wird&nbsp;zunehmend umfangreicher. Es ist davon auszugehen,&nbsp;dass sich der Trend einer zunehmenden&nbsp;Bedeutung der Thematik fortsetzen wird.&nbsp;Dabei kommt der Kommunikation zwischen&nbsp;den einzelnen Fachplanern eine immer gr\u00f6\u00dfer&nbsp;werdende Bedeutung zu. Dies ist zum einen f\u00fcr&nbsp;das Planverfahren und damit f\u00fcr die z\u00fcgige Umsetzung&nbsp;des Projektes im Sinne des Kunden sehr&nbsp;vorteilhaft. Hierzu verfolgt die PE Becker GmbH&nbsp;die Umsetzung integrativer Konzepte aus einer&nbsp;Hand zur Entlastung des Kunden. Die Abteilung&nbsp;Umweltplanung bildet dabei einen wichtigen&nbsp;Baustein, da besonders hier oftmals intensive&nbsp;Abstimmungen mit anderen Teildisziplinen notwendig&nbsp;sind. Auch wir k\u00f6nnen die Anzahl der&nbsp;notwendigen Abstimmungswege nicht reduzieren,&nbsp;aber wir k\u00f6nnen sie erheblich verk\u00fcrzen.<\/p><\/blockquote>\n<p><b>Weitere Informationen zur Abteilung:<\/b>\n<\/p>\n<p><a href=\"https:\/\/www.pe-becker.de\/umweltplanungfreiraumplanung\/abteilungs-vorstellung-umweltplanung-freiraumplanung.html\">Umweltplanung \u2013 Freiraumplanung<\/a>\n<\/p>\n<p><a href=\"https:\/\/www.pe-becker.de\/umweltplanungfreiraumplanung\/leistungen-umweltplanung-freiraumplanung.html\">Leistungen<\/a>\n<\/p>\n<p><a href=\"https:\/\/www.pe-becker.de\/umweltplanungfreiraumplanung\/aktuelle-projekte-umweltplanung-freiraumplanung.html\">Aktuelle Projekte<\/a>\n<\/p>\n<p><a href=\"https:\/\/www.pe-becker.de\/umweltplanungfreiraumplanung\/referenzen-umweltplanung-freiraumplanung.html\">Referenzen<\/a>\n<\/p>\n<p><b>finden Sie auf<\/b> <a href=\"https:\/\/www.pe-becker.de\/\">pe-becker.de<\/a><\/p>\n","protected":false},"excerpt":{"rendered":"<p>Wir sorgen f\u00fcr Umweltvertr\u00e4glichkeit Herr Wollgarten, es ist schon fast Tradition, bei\u00a0der ersten Frage der Vorstellung der Abteilungen\u00a0nach einem Motto zu fragen, unter dem die\u00a0Mitarbeiter der PE Becker GmbH jeden Tag neu\u00a0beginnen. Haben Sie auch ein solches Motto? Als Bachelor of Science Forstwirtschaft verfolge\u00a0ich nat\u00fcrlich ein Motto, das im Zusammenhang\u00a0mit der Nachhaltigkeit steht, einem heute <\/p>\n","protected":false},"author":2,"featured_media":1082,"comment_status":"closed","ping_status":"open","sticky":false,"template":"","format":"standard","meta":{"_acf_changed":false,"footnotes":""},"categories":[3,6],"tags":[],"class_list":["post-1081","post","type-post","status-publish","format-standard","has-post-thumbnail","hentry","category-intern","category-umwelt-freiraumplanung","infinite-scroll-item","no-featured-image-padding"],"acf":[],"_links":{"self":[{"href":"https:\/\/pe-becker.de\/pe-news\/wp-json\/wp\/v2\/posts\/1081","targetHints":{"allow":["GET"]}}],"collection":[{"href":"https:\/\/pe-becker.de\/pe-news\/wp-json\/wp\/v2\/posts"}],"about":[{"href":"https:\/\/pe-becker.de\/pe-news\/wp-json\/wp\/v2\/types\/post"}],"author":[{"embeddable":true,"href":"https:\/\/pe-becker.de\/pe-news\/wp-json\/wp\/v2\/users\/2"}],"replies":[{"embeddable":true,"href":"https:\/\/pe-becker.de\/pe-news\/wp-json\/wp\/v2\/comments?post=1081"}],"version-history":[{"count":1,"href":"https:\/\/pe-becker.de\/pe-news\/wp-json\/wp\/v2\/posts\/1081\/revisions"}],"predecessor-version":[{"id":1314,"href":"https:\/\/pe-becker.de\/pe-news\/wp-json\/wp\/v2\/posts\/1081\/revisions\/1314"}],"wp:featuredmedia":[{"embeddable":true,"href":"https:\/\/pe-becker.de\/pe-news\/wp-json\/wp\/v2\/media\/1082"}],"wp:attachment":[{"href":"https:\/\/pe-becker.de\/pe-news\/wp-json\/wp\/v2\/media?parent=1081"}],"wp:term":[{"taxonomy":"category","embeddable":true,"href":"https:\/\/pe-becker.de\/pe-news\/wp-json\/wp\/v2\/categories?post=1081"},{"taxonomy":"post_tag","embeddable":true,"href":"https:\/\/pe-becker.de\/pe-news\/wp-json\/wp\/v2\/tags?post=1081"}],"curies":[{"name":"wp","href":"https:\/\/api.w.org\/{rel}","templated":true}]}}